{"id":24,"date":"2021-12-28T23:41:05","date_gmt":"2021-12-28T22:41:05","guid":{"rendered":"http:\/\/lasselindh.se\/?p=24"},"modified":"2021-12-28T23:56:23","modified_gmt":"2021-12-28T22:56:23","slug":"extraljus-pa-min-bmw","status":"publish","type":"post","link":"http:\/\/lasselindh.se\/?p=24","title":{"rendered":"Extraljus p\u00e5 min BMW blev en succe"},"content":{"rendered":"<p>Jag \u00e4r verkligen v\u00e4rldsb\u00e4st p\u00e5 att skjuta fram saker men denna g\u00e5ng skulle det bli annorlunda, det var min plan i alla fall. Jag lyckades \u00f6verraska mig sj\u00e4lv n\u00e4r jag installerade dom nya extraljusen p\u00e5 min BMW M-serie trots att jag svurit vid att aldrig modifiera bilens utseende. Jag anser att BMW som bil \u00e4r ett konstverk p\u00e5 fyra hjul, perfektion som inte ska \u00e4ndras eller modifieras utan undantag. N\u00e4r jag var p\u00e5 v\u00e4g hem den sista arbetsdagen innan julledigheten s\u00e5g jag en bil i trafiken som hade helsvarta lampor, jag blev m\u00e4kta imponerad och resten \u00e4r som man brukar s\u00e4ga, historia. Jag s\u00f6kte l\u00e4nge p\u00e5 n\u00e4tet innan jag till slut fick en tr\u00e4ff hos n\u00e4tbutiken <a href=\"https:\/\/ljusgiganten.se\/\">Ljusgiganten.se<\/a> som s\u00e5lde samma extraljus. Jag mejlade butiken flera g\u00e5nger f\u00f6r att f\u00e5 fram mer information om installation och montage och r\u00e5dgjorde med min lokala verkstad som har l\u00e5ng erfarenhet av M-serien. Knappt 24 timmar senare s\u00e5 best\u00e4mde jag mig f\u00f6r Nexus som \u00e4r ett av de b\u00e4sta lamporna p\u00e5 marknaden. F\u00f6rdelen med <a href=\"https:\/\/ljusgiganten.se\/led-extraljus\">extraljus led<\/a> \u00e4r den l\u00e5nga livsl\u00e4ngden och i mitt fall den h\u00f6ga kapslingsklassen, IP69. Detta betyder att extraljuset ska klara v\u00e5rt h\u00e5rda svenska klimat med varma somrar och kalla vintrar. Nu hoppas jag bara att lamporna h\u00e5ller till n\u00e4sta vinter, snyggt som bara den blev det i alla fall!<\/p>\n<p>&nbsp;<\/p>\n","protected":false},"excerpt":{"rendered":"<p>Jag \u00e4r verkligen v\u00e4rldsb\u00e4st p\u00e5 att skjuta fram saker men denna g\u00e5ng skulle det bli annorlunda, det var min plan i alla fall. Jag lyckades \u00f6verraska mig sj\u00e4lv n\u00e4r jag installerade dom nya extraljusen p\u00e5 min BMW M-serie trots att jag svurit vid att aldrig modifiera bilens utseende. Jag anser att BMW som bil \u00e4r &#8230; <a title=\"Extraljus p\u00e5 min BMW blev en succe\" class=\"read-more\" href=\"http:\/\/lasselindh.se\/?p=24\">Read more<span class=\"screen-reader-text\">Extraljus p\u00e5 min BMW blev en succe<\/span><\/a><\/p>\n","protected":false},"author":1,"featured_media":25,"comment_status":"closed","ping_status":"open","sticky":false,"template":"","format":"standard","meta":{"footnotes":""},"categories":[2],"tags":[],"class_list":["post-24","post","type-post","status-publish","format-standard","has-post-thumbnail","hentry","category-bmw-bilar"],"_links":{"self":[{"href":"http:\/\/lasselindh.se\/index.php?rest_route=\/wp\/v2\/posts\/24","targetHints":{"allow":["GET"]}}],"collection":[{"href":"http:\/\/lasselindh.se\/index.php?rest_route=\/wp\/v2\/posts"}],"about":[{"href":"http:\/\/lasselindh.se\/index.php?rest_route=\/wp\/v2\/types\/post"}],"author":[{"embeddable":true,"href":"http:\/\/lasselindh.se\/index.php?rest_route=\/wp\/v2\/users\/1"}],"replies":[{"embeddable":true,"href":"http:\/\/lasselindh.se\/index.php?rest_route=%2Fwp%2Fv2%2Fcomments&post=24"}],"version-history":[{"count":5,"href":"http:\/\/lasselindh.se\/index.php?rest_route=\/wp\/v2\/posts\/24\/revisions"}],"predecessor-version":[{"id":30,"href":"http:\/\/lasselindh.se\/index.php?rest_route=\/wp\/v2\/posts\/24\/revisions\/30"}],"wp:featuredmedia":[{"embeddable":true,"href":"http:\/\/lasselindh.se\/index.php?rest_route=\/wp\/v2\/media\/25"}],"wp:attachment":[{"href":"http:\/\/lasselindh.se\/index.php?rest_route=%2Fwp%2Fv2%2Fmedia&parent=24"}],"wp:term":[{"taxonomy":"category","embeddable":true,"href":"http:\/\/lasselindh.se\/index.php?rest_route=%2Fwp%2Fv2%2Fcategories&post=24"},{"taxonomy":"post_tag","embeddable":true,"href":"http:\/\/lasselindh.se\/index.php?rest_route=%2Fwp%2Fv2%2Ftags&post=24"}],"curies":[{"name":"wp","href":"https:\/\/api.w.org\/{rel}","templated":true}]}}